{"id":578,"date":"2013-11-20T14:08:36","date_gmt":"2013-11-20T14:08:36","guid":{"rendered":"https:\/\/new.ezratty.co.il\/union-europeenne-restrictions-a-lutilisation-des-intitules-generaux-de-classes-pour-les-marques-communautaires-ctm\/"},"modified":"2024-12-18T11:36:10","modified_gmt":"2024-12-18T11:36:10","slug":"union-europeenne-restrictions-a-lutilisation-des-intitules-generaux-de-classes-pour-les-marques-communautaires-ctm","status":"publish","type":"post","link":"https:\/\/ezratty.co.il\/fr\/union-europeenne-restrictions-a-lutilisation-des-intitules-generaux-de-classes-pour-les-marques-communautaires-ctm\/","title":{"rendered":"Union Europ\u00e9enne : restrictions \u00e0 l\u2019utilisation des intitul\u00e9s g\u00e9n\u00e9raux de classes pour les marques communautaires (CTM)"},"content":{"rendered":"<div style=\"text-align: justify;\" data-font-size=\"15\" data-font-size-type=\"px\" data-line-height=\"18px\">La classification internationale de Nice des produits et des services (10<sup>\u00e8me<\/sup> \u00e9dition), qui s\u2019applique aux marques communautaires (CTM), comprend des intitul\u00e9s g\u00e9n\u00e9raux de classes donnant une description g\u00e9n\u00e9rale du domaine des produits et services dans les 45 classes existantes, ainsi qu\u2019une liste alphab\u00e9tique de tous les produits et services couverts par ces classes.<\/div>\n<div style=\"text-align: justify;\" data-font-size=\"15\" data-font-size-type=\"px\" data-line-height=\"18px\">Contrairement \u00e0 certaines juridictions comme les \u00c9tats-Unis ou Isra\u00ebl, l\u2019office europ\u00e9en (OHMI) accepte habituellement les libell\u00e9s g\u00e9n\u00e9raux de produits\/services dans les demandes de d\u00e9p\u00f4t de marques, y compris les intitul\u00e9s g\u00e9n\u00e9raux de classes, sans aucune exigence concernant l\u2019utilisation exacte de la marque.<\/div>\n<div style=\"text-align: justify;\" data-font-size=\"15\" data-font-size-type=\"px\" data-line-height=\"18px\">L\u2019OHMI a publi\u00e9 le 20 novembre 2013 une \u00ab\u00a0communication commune\u00a0\u00bb, fournissant une liste des intitul\u00e9s g\u00e9n\u00e9raux de classe qui sont consid\u00e9r\u00e9s comme n\u2019\u00e9tant pas suffisamment clairs et pr\u00e9cis et ne sont donc plus acceptables.<\/div>\n<div style=\"text-align: justify;\" data-font-size=\"15\" data-font-size-type=\"px\" data-line-height=\"18px\">Le manuel de l\u2019OHMI sur les pratiques en mati\u00e8re de marques a \u00e9t\u00e9 mis \u00e0 jour afin de refl\u00e9ter ces changements. Cette mise \u00e0 jour est entr\u00e9e\u00a0en vigueur le 2 d\u00e9cembre 2013 avec le lancement du nouveau site internet de l\u2019OHMI. Le nouveau site pr\u00e9sente\u00a0un syst\u00e8me \u00e9lectronique de d\u00e9p\u00f4t modifi\u00e9 comprenant des libell\u00e9s de produits et de services approuv\u00e9s \u00e0 l\u2019avance que le demandeur peut s\u00e9lectionner, et qui seront accept\u00e9s de fa\u00e7on automatique par l&rsquo;office europ\u00e9en.<\/div>\n<div style=\"text-align: justify;\" data-font-size=\"15\" data-font-size-type=\"px\" data-line-height=\"18px\">La mise \u00e0 jour du manuel fait suite \u00e0 l\u2019arr\u00eat rendu par la Cour Europ\u00e9enne de Justice en juin 2012 dans l\u2019affaire IP TRANSLATOR. Cet arr\u00eat avait d\u00e9termin\u00e9 que l\u2019utilisation de libell\u00e9s g\u00e9n\u00e9raux de classe ne couvrait pas tous les produits et services compris dans la liste alphab\u00e9tique d\u2019une classe sp\u00e9cifique. Cette affaire \u00e9tait li\u00e9e \u00e0 la demande de d\u00e9p\u00f4t de la marque IP TRANSLATOR au Royaume Uni, comprenant le libell\u00e9 g\u00e9n\u00e9ral de la classe 41 \u00ab\u00a0\u00c9ducation; formation; divertissement; activit\u00e9s sportives et culturelles\u00a0\u00bb. Le directeur du registre britannique a estim\u00e9 que la marque \u00e9tait d\u00e9nu\u00e9e de caract\u00e8re distinctif, consid\u00e9rant que l\u2019utilisation du libell\u00e9 g\u00e9n\u00e9ral couvrait tous les services inclus en classe 41, y compris les services de traduction. L\u2019affaire a \u00e9t\u00e9 renvoy\u00e9e \u00e0 la CJUE, qui a d\u00e9cid\u00e9 que les intitul\u00e9s g\u00e9n\u00e9raux \u00e9taient acceptables \u00e0 condition d\u2019\u00eatre suffisamment \u00ab\u00a0pr\u00e9cis et clairs\u00a0\u00bb et que ces intitul\u00e9s ne couvraient pas tous les produits\/services inclus dans la liste alphab\u00e9tique d\u2019une classe.<\/div>\n<div style=\"text-align: justify;\" data-font-size=\"15\" data-font-size-type=\"px\" data-line-height=\"18px\">L\u2019arr\u00eat IP TRANSLATOR a engendr\u00e9 une certaine confusion sur l\u2019interpr\u00e9tation des pratiques de l\u2019OHMI concernant les intitul\u00e9s g\u00e9n\u00e9raux de classe et des discussions ont \u00e9t\u00e9 entreprises afin de conclure un accord sur les libell\u00e9s g\u00e9n\u00e9raux qui ne remplissent pas les conditions de clart\u00e9 et de pr\u00e9cision d\u00e9termin\u00e9es par l\u2019arr\u00eat IP TRANSLATOR.<\/div>\n<div style=\"text-align: justify;\" data-font-size=\"15\" data-font-size-type=\"px\" data-line-height=\"18px\">Le Manuel remis \u00e0 jour fournit une liste des 11 indications g\u00e9n\u00e9rales qui ne sont plus consid\u00e9r\u00e9es comme suffisamment claires et pr\u00e9cises et ne sont donc plus acceptables, qui sont les suivantes (en caract\u00e8res gras)<\/div>\n<ul style=\"margin: 0; padding-left: 18px;\" data-font-size=\"15\" data-font-size-type=\"px\" data-line-height=\"18px\">\n<li data-font-size=\"15\" data-font-size-type=\"px\" data-line-height=\"20px\">Classe 6:<strong data-font-size=\"15\" data-font-size-type=\"px\" data-line-height=\"20px\">\u00a0 \u00a0 \u00a0P<\/strong><strong data-font-size=\"15\" data-font-size-type=\"px\" data-line-height=\"20px\">roduits m\u00e9talliques non compris dans d&rsquo;autres classes<\/strong><\/li>\n<li data-font-size=\"15\" data-font-size-type=\"px\" data-line-height=\"20px\">Classe 7:<strong data-font-size=\"15\" data-font-size-type=\"px\" data-line-height=\"20px\">\u00a0 \u00a0 \u00a0Machines<\/strong><\/li>\n<li data-font-size=\"15\" data-font-size-type=\"px\" data-line-height=\"20px\">Classe 14: \u00a0 M\u00e9taux pr\u00e9cieux et leurs alliages et <strong data-font-size=\"15\" data-font-size-type=\"px\" data-line-height=\"20px\">produits en ces mati\u00e8res ou en plaqu\u00e9<\/strong>\u00a0non compris dans d&rsquo;autres classes<\/li>\n<li data-font-size=\"15\" data-font-size-type=\"px\" data-line-height=\"20px\">Classe 16: \u00a0 Papier, carton et <strong data-font-size=\"15\" data-font-size-type=\"px\" data-line-height=\"20px\">produits en ces mati\u00e8res<\/strong>, non compris dans d&rsquo;autres classes<\/li>\n<li data-font-size=\"15\" data-font-size-type=\"px\" data-line-height=\"20px\">Classe 17: \u00a0 Caoutchouc, gutta-percha, gomme, amiante, mica et <strong data-font-size=\"15\" data-font-size-type=\"px\" data-line-height=\"20px\">produits en ces mati\u00e8res\u00a0<\/strong>non compris dans d&rsquo;autres<br \/>\n<span class=\"space1\" style=\"padding-left: 84px;\" data-font-size=\"15\" data-font-size-type=\"px\" data-line-height=\"20px\">\u00a0classes<\/span><\/li>\n<li data-font-size=\"15\" data-font-size-type=\"px\" data-line-height=\"20px\">Classe 18: \u00a0 Cuir et imitations du cuir, <strong data-font-size=\"15\" data-font-size-type=\"px\" data-line-height=\"20px\">produits en ces mati\u00e8res<\/strong> non compris dans d&rsquo;autres\u00a0classes<\/li>\n<li data-font-size=\"15\" data-font-size-type=\"px\" data-line-height=\"20px\">Classe 20:<strong data-font-size=\"15\" data-font-size-type=\"px\" data-line-height=\"20px\">\u00a0 \u00a0Produits, non compris dans d&rsquo;autres classes, en bois, li\u00e8ge, roseau, jonc,\u00a0osier, corne, os, ivoire,<\/strong><br \/>\n<span class=\"space1\" style=\"padding-left: 84px;\" data-font-size=\"15\" data-font-size-type=\"px\" data-line-height=\"20px\"><strong data-font-size=\"15\" data-font-size-type=\"px\" data-line-height=\"20px\">\u00a0baleine,\u00a0\u00e9caille,\u00a0ambre, nacre, \u00e9cume de mer,\u00a0succ\u00e9dan\u00e9s de toutes ces mati\u00e8res ou en mati\u00e8res \u00a0<\/strong><\/span><br \/>\n<span class=\"space1\" style=\"padding-left: 84px;\" data-font-size=\"15\" data-font-size-type=\"px\" data-line-height=\"20px\"><strong data-font-size=\"15\" data-font-size-type=\"px\" data-line-height=\"20px\">\u00a0plastiques<\/strong><\/span><\/li>\n<li data-font-size=\"15\" data-font-size-type=\"px\" data-line-height=\"20px\">Classe 37: \u00a0\u00a0<strong data-font-size=\"15\" data-font-size-type=\"px\" data-line-height=\"20px\"><strong data-font-size=\"15\" data-font-size-type=\"px\" data-line-height=\"20px\">R<\/strong><strong data-font-size=\"15\" data-font-size-type=\"px\" data-line-height=\"20px\">\u00e9paration<\/strong><\/strong><\/li>\n<li data-font-size=\"15\" data-font-size-type=\"px\" data-line-height=\"20px\">Classe 37:<strong data-font-size=\"15\" data-font-size-type=\"px\" data-line-height=\"20px\">\u00a0 \u00a0<strong data-font-size=\"15\" data-font-size-type=\"px\" data-line-height=\"20px\">Services d&rsquo;installation<\/strong><\/strong><\/li>\n<li data-font-size=\"15\" data-font-size-type=\"px\" data-line-height=\"20px\">Classe 40:<strong data-font-size=\"15\" data-font-size-type=\"px\" data-line-height=\"20px\">\u00a0 \u00a0<strong data-font-size=\"15\" data-font-size-type=\"px\" data-line-height=\"20px\">Traitement de mat\u00e9riaux<\/strong><\/strong><\/li>\n<li data-font-size=\"15\" data-font-size-type=\"px\" data-line-height=\"20px\">Classe 45:<strong data-font-size=\"15\" data-font-size-type=\"px\" data-line-height=\"20px\">\u00a0 \u00a0<strong data-font-size=\"15\" data-font-size-type=\"px\" data-line-height=\"20px\">Services personnels et sociaux rendus par des tiers destin\u00e9s \u00e0 satisfaire\u00a0<strong data-font-size=\"15\" data-font-size-type=\"px\" data-line-height=\"20px\">les besoins des individus<\/strong><\/strong><\/strong><\/li>\n<\/ul>\n<div style=\"text-align: justify;\" data-font-size=\"15\" data-font-size-type=\"px\" data-line-height=\"18px\">Concernant les termes <em>\u00ab<\/em>\u00a0<em>produits en<\/em>\u00a0<em>\u00bb<\/em> ou <em>\u00ab<\/em>\u00a0<em>produits en ces mati\u00e8res<\/em>\u00a0<em>\u00bb<\/em>, il convient de pr\u00e9ciser la nature des produits et pas seulement de quelle mati\u00e8re ils sont fabriqu\u00e9s. Tout service de vente en classe 35 concernant un des produits mentionn\u00e9s ci-dessus, sera \u00e9galement inacceptable. Concernant les services de \u00ab\u00a0r\u00e9paration\u00a0\u00bb et d\u2019\u00a0\u00ab\u00a0installation\u00a0\u00bb, il convient de mentionner la nature des produits devant \u00eatre r\u00e9par\u00e9s ou install\u00e9s. Quant au \u00ab\u00a0traitement de mat\u00e9riaux\u00a0\u00bb, la nature du traitement et des mat\u00e9riaux doit \u00eatre pr\u00e9cis\u00e9e.Les 186 intitul\u00e9s g\u00e9n\u00e9raux de classe restants de la convention de Nice restent acceptables.<\/p>\n<\/div>\n<div style=\"text-align: justify;\" data-font-size=\"15\" data-font-size-type=\"px\" data-line-height=\"18px\">De plus, le manuel remis \u00e0 jour pr\u00e9cise que les demandes du type <em>\u00ab\u00a0tous les produits\/services inclus dans cette classe\u00a0\u00bb<\/em> ou <em>\u00ab\u00a0tous les produits\/services de la liste alphab\u00e9tique de cette classe\u00a0\u00bb<\/em>, sont inacceptables.<\/div>\n<div style=\"text-align: justify;\" data-font-size=\"15\" data-font-size-type=\"px\" data-line-height=\"18px\">En cons\u00e9quence, il convient d\u2019accorder la plus grande attention \u00e0 la r\u00e9daction des libell\u00e9s de produits et services dans une demande CTM, tout en gardant \u00e0 l\u2019esprit qu\u2019une marque CTM incluant une liste plus large que l\u2019usage effectif de la marque, risque d\u2019exposer inutilement la marque \u00e0 des actions en d\u00e9ch\u00e9ance ou des opposition.<\/div>\n","protected":false},"excerpt":{"rendered":"<p>La classification internationale de Nice des produits et des services (10\u00e8me \u00e9dition), qui s\u2019applique aux marques communautaires (CTM), comprend des intitul\u00e9s g\u00e9n\u00e9raux de classes donnant une description g\u00e9n\u00e9rale du domaine des produits et services dans les 45 classes existantes, ainsi qu\u2019une liste alphab\u00e9tique de tous les produits et services couverts par ces classes.<\/p>\n","protected":false},"author":1,"featured_media":0,"comment_status":"open","ping_status":"open","sticky":false,"template":"","format":"standard","meta":{"_acf_changed":false,"footnotes":""},"categories":[11],"tags":[],"class_list":["post-578","post","type-post","status-publish","format-standard","hentry","category-non-classifiee"],"acf":[],"yoast_head":"<!-- This site is optimized with the Yoast SEO plugin v24.0 - https:\/\/yoast.com\/wordpress\/plugins\/seo\/ -->\n<title>Union Europ\u00e9enne : restrictions \u00e0 l\u2019utilisation des intitul\u00e9s g\u00e9n\u00e9raux de classes pour les marques communautaires (CTM) - EZRATTY-FARHI Law Firm<\/title>\n<meta name=\"robots\" content=\"index, follow, max-snippet:-1, max-image-preview:large, max-video-preview:-1\" \/>\n<link rel=\"canonical\" href=\"https:\/\/ezratty.co.il\/fr\/union-europeenne-restrictions-a-lutilisation-des-intitules-generaux-de-classes-pour-les-marques-communautaires-ctm\/\" \/>\n<meta property=\"og:locale\" content=\"fr_FR\" \/>\n<meta property=\"og:type\" content=\"article\" \/>\n<meta property=\"og:title\" content=\"Union Europ\u00e9enne : restrictions \u00e0 l\u2019utilisation des intitul\u00e9s g\u00e9n\u00e9raux de classes pour les marques communautaires (CTM) - EZRATTY-FARHI Law Firm\" \/>\n<meta property=\"og:description\" content=\"La classification internationale de Nice des produits et des services (10\u00e8me \u00e9dition), qui s\u2019applique aux marques communautaires (CTM), comprend des intitul\u00e9s g\u00e9n\u00e9raux de classes donnant une description g\u00e9n\u00e9rale du domaine des produits et services dans les 45 classes existantes, ainsi qu\u2019une liste alphab\u00e9tique de tous les produits et services couverts par ces classes.\" \/>\n<meta property=\"og:url\" content=\"https:\/\/ezratty.co.il\/fr\/union-europeenne-restrictions-a-lutilisation-des-intitules-generaux-de-classes-pour-les-marques-communautaires-ctm\/\" \/>\n<meta property=\"og:site_name\" content=\"EZRATTY-FARHI Law Firm\" \/>\n<meta property=\"article:published_time\" content=\"2013-11-20T14:08:36+00:00\" \/>\n<meta property=\"article:modified_time\" content=\"2024-12-18T11:36:10+00:00\" \/>\n<meta name=\"author\" content=\"admin\" \/>\n<meta name=\"twitter:card\" content=\"summary_large_image\" \/>\n<meta name=\"twitter:label1\" content=\"\u00c9crit par\" \/>\n\t<meta name=\"twitter:data1\" content=\"admin\" \/>\n\t<meta name=\"twitter:label2\" content=\"Dur\u00e9e de lecture estim\u00e9e\" \/>\n\t<meta name=\"twitter:data2\" content=\"4 minutes\" \/>\n<script type=\"application\/ld+json\" class=\"yoast-schema-graph\">{\"@context\":\"https:\/\/schema.org\",\"@graph\":[{\"@type\":\"Article\",\"@id\":\"https:\/\/ezratty.co.il\/fr\/union-europeenne-restrictions-a-lutilisation-des-intitules-generaux-de-classes-pour-les-marques-communautaires-ctm\/#article\",\"isPartOf\":{\"@id\":\"https:\/\/ezratty.co.il\/fr\/union-europeenne-restrictions-a-lutilisation-des-intitules-generaux-de-classes-pour-les-marques-communautaires-ctm\/\"},\"author\":{\"name\":\"admin\",\"@id\":\"https:\/\/ezratty.co.il\/#\/schema\/person\/309dfac3dd2f134ef47b1d361b66d7be\"},\"headline\":\"Union Europ\u00e9enne : restrictions \u00e0 l\u2019utilisation des intitul\u00e9s g\u00e9n\u00e9raux de classes pour les marques communautaires (CTM)\",\"datePublished\":\"2013-11-20T14:08:36+00:00\",\"dateModified\":\"2024-12-18T11:36:10+00:00\",\"mainEntityOfPage\":{\"@id\":\"https:\/\/ezratty.co.il\/fr\/union-europeenne-restrictions-a-lutilisation-des-intitules-generaux-de-classes-pour-les-marques-communautaires-ctm\/\"},\"wordCount\":914,\"commentCount\":0,\"publisher\":{\"@id\":\"https:\/\/ezratty.co.il\/#organization\"},\"articleSection\":[\"Non classifi\u00e9(e)\"],\"inLanguage\":\"fr-FR\",\"potentialAction\":[{\"@type\":\"CommentAction\",\"name\":\"Comment\",\"target\":[\"https:\/\/ezratty.co.il\/fr\/union-europeenne-restrictions-a-lutilisation-des-intitules-generaux-de-classes-pour-les-marques-communautaires-ctm\/#respond\"]}]},{\"@type\":\"WebPage\",\"@id\":\"https:\/\/ezratty.co.il\/fr\/union-europeenne-restrictions-a-lutilisation-des-intitules-generaux-de-classes-pour-les-marques-communautaires-ctm\/\",\"url\":\"https:\/\/ezratty.co.il\/fr\/union-europeenne-restrictions-a-lutilisation-des-intitules-generaux-de-classes-pour-les-marques-communautaires-ctm\/\",\"name\":\"Union Europ\u00e9enne : restrictions \u00e0 l\u2019utilisation des intitul\u00e9s g\u00e9n\u00e9raux de classes pour les marques communautaires (CTM) - EZRATTY-FARHI Law Firm\",\"isPartOf\":{\"@id\":\"https:\/\/ezratty.co.il\/#website\"},\"datePublished\":\"2013-11-20T14:08:36+00:00\",\"dateModified\":\"2024-12-18T11:36:10+00:00\",\"breadcrumb\":{\"@id\":\"https:\/\/ezratty.co.il\/fr\/union-europeenne-restrictions-a-lutilisation-des-intitules-generaux-de-classes-pour-les-marques-communautaires-ctm\/#breadcrumb\"},\"inLanguage\":\"fr-FR\",\"potentialAction\":[{\"@type\":\"ReadAction\",\"target\":[\"https:\/\/ezratty.co.il\/fr\/union-europeenne-restrictions-a-lutilisation-des-intitules-generaux-de-classes-pour-les-marques-communautaires-ctm\/\"]}]},{\"@type\":\"BreadcrumbList\",\"@id\":\"https:\/\/ezratty.co.il\/fr\/union-europeenne-restrictions-a-lutilisation-des-intitules-generaux-de-classes-pour-les-marques-communautaires-ctm\/#breadcrumb\",\"itemListElement\":[{\"@type\":\"ListItem\",\"position\":1,\"name\":\"Home\",\"item\":\"https:\/\/ezratty.co.il\/fr\/\"},{\"@type\":\"ListItem\",\"position\":2,\"name\":\"Union Europ\u00e9enne : restrictions \u00e0 l\u2019utilisation des intitul\u00e9s g\u00e9n\u00e9raux de classes pour les marques communautaires (CTM)\"}]},{\"@type\":\"WebSite\",\"@id\":\"https:\/\/ezratty.co.il\/#website\",\"url\":\"https:\/\/ezratty.co.il\/\",\"name\":\"EZRATTY-FARHI Law Firm\",\"description\":\"\",\"publisher\":{\"@id\":\"https:\/\/ezratty.co.il\/#organization\"},\"potentialAction\":[{\"@type\":\"SearchAction\",\"target\":{\"@type\":\"EntryPoint\",\"urlTemplate\":\"https:\/\/ezratty.co.il\/?s={search_term_string}\"},\"query-input\":{\"@type\":\"PropertyValueSpecification\",\"valueRequired\":true,\"valueName\":\"search_term_string\"}}],\"inLanguage\":\"fr-FR\"},{\"@type\":\"Organization\",\"@id\":\"https:\/\/ezratty.co.il\/#organization\",\"name\":\"EZRATTY-FARHI Law Firm\",\"url\":\"https:\/\/ezratty.co.il\/\",\"logo\":{\"@type\":\"ImageObject\",\"inLanguage\":\"fr-FR\",\"@id\":\"https:\/\/ezratty.co.il\/#\/schema\/logo\/image\/\",\"url\":\"https:\/\/ezratty.co.il\/wp-content\/uploads\/2022\/06\/logo.png\",\"contentUrl\":\"https:\/\/ezratty.co.il\/wp-content\/uploads\/2022\/06\/logo.png\",\"width\":256,\"height\":111,\"caption\":\"EZRATTY-FARHI Law Firm\"},\"image\":{\"@id\":\"https:\/\/ezratty.co.il\/#\/schema\/logo\/image\/\"}},{\"@type\":\"Person\",\"@id\":\"https:\/\/ezratty.co.il\/#\/schema\/person\/309dfac3dd2f134ef47b1d361b66d7be\",\"name\":\"admin\",\"image\":{\"@type\":\"ImageObject\",\"inLanguage\":\"fr-FR\",\"@id\":\"https:\/\/ezratty.co.il\/#\/schema\/person\/image\/\",\"url\":\"https:\/\/secure.gravatar.com\/avatar\/03e2289d332bd580ed89868e48faa745b5be8fc3416ad07c833411a0563359d4?s=96&d=mm&r=g\",\"contentUrl\":\"https:\/\/secure.gravatar.com\/avatar\/03e2289d332bd580ed89868e48faa745b5be8fc3416ad07c833411a0563359d4?s=96&d=mm&r=g\",\"caption\":\"admin\"},\"sameAs\":[\"https:\/\/ezratty.co.il\"],\"url\":\"https:\/\/ezratty.co.il\/fr\/author\/adminbrn-co-il\/\"}]}<\/script>\n<!-- \/ Yoast SEO plugin. -->","yoast_head_json":{"title":"Union Europ\u00e9enne : restrictions \u00e0 l\u2019utilisation des intitul\u00e9s g\u00e9n\u00e9raux de classes pour les marques communautaires (CTM) - EZRATTY-FARHI Law Firm","robots":{"index":"index","follow":"follow","max-snippet":"max-snippet:-1","max-image-preview":"max-image-preview:large","max-video-preview":"max-video-preview:-1"},"canonical":"https:\/\/ezratty.co.il\/fr\/union-europeenne-restrictions-a-lutilisation-des-intitules-generaux-de-classes-pour-les-marques-communautaires-ctm\/","og_locale":"fr_FR","og_type":"article","og_title":"Union Europ\u00e9enne : restrictions \u00e0 l\u2019utilisation des intitul\u00e9s g\u00e9n\u00e9raux de classes pour les marques communautaires (CTM) - EZRATTY-FARHI Law Firm","og_description":"La classification internationale de Nice des produits et des services (10\u00e8me \u00e9dition), qui s\u2019applique aux marques communautaires (CTM), comprend des intitul\u00e9s g\u00e9n\u00e9raux de classes donnant une description g\u00e9n\u00e9rale du domaine des produits et services dans les 45 classes existantes, ainsi qu\u2019une liste alphab\u00e9tique de tous les produits et services couverts par ces classes.","og_url":"https:\/\/ezratty.co.il\/fr\/union-europeenne-restrictions-a-lutilisation-des-intitules-generaux-de-classes-pour-les-marques-communautaires-ctm\/","og_site_name":"EZRATTY-FARHI Law Firm","article_published_time":"2013-11-20T14:08:36+00:00","article_modified_time":"2024-12-18T11:36:10+00:00","author":"admin","twitter_card":"summary_large_image","twitter_misc":{"\u00c9crit par":"admin","Dur\u00e9e de lecture estim\u00e9e":"4 minutes"},"schema":{"@context":"https:\/\/schema.org","@graph":[{"@type":"Article","@id":"https:\/\/ezratty.co.il\/fr\/union-europeenne-restrictions-a-lutilisation-des-intitules-generaux-de-classes-pour-les-marques-communautaires-ctm\/#article","isPartOf":{"@id":"https:\/\/ezratty.co.il\/fr\/union-europeenne-restrictions-a-lutilisation-des-intitules-generaux-de-classes-pour-les-marques-communautaires-ctm\/"},"author":{"name":"admin","@id":"https:\/\/ezratty.co.il\/#\/schema\/person\/309dfac3dd2f134ef47b1d361b66d7be"},"headline":"Union Europ\u00e9enne : restrictions \u00e0 l\u2019utilisation des intitul\u00e9s g\u00e9n\u00e9raux de classes pour les marques communautaires (CTM)","datePublished":"2013-11-20T14:08:36+00:00","dateModified":"2024-12-18T11:36:10+00:00","mainEntityOfPage":{"@id":"https:\/\/ezratty.co.il\/fr\/union-europeenne-restrictions-a-lutilisation-des-intitules-generaux-de-classes-pour-les-marques-communautaires-ctm\/"},"wordCount":914,"commentCount":0,"publisher":{"@id":"https:\/\/ezratty.co.il\/#organization"},"articleSection":["Non classifi\u00e9(e)"],"inLanguage":"fr-FR","potentialAction":[{"@type":"CommentAction","name":"Comment","target":["https:\/\/ezratty.co.il\/fr\/union-europeenne-restrictions-a-lutilisation-des-intitules-generaux-de-classes-pour-les-marques-communautaires-ctm\/#respond"]}]},{"@type":"WebPage","@id":"https:\/\/ezratty.co.il\/fr\/union-europeenne-restrictions-a-lutilisation-des-intitules-generaux-de-classes-pour-les-marques-communautaires-ctm\/","url":"https:\/\/ezratty.co.il\/fr\/union-europeenne-restrictions-a-lutilisation-des-intitules-generaux-de-classes-pour-les-marques-communautaires-ctm\/","name":"Union Europ\u00e9enne : restrictions \u00e0 l\u2019utilisation des intitul\u00e9s g\u00e9n\u00e9raux de classes pour les marques communautaires (CTM) - EZRATTY-FARHI Law Firm","isPartOf":{"@id":"https:\/\/ezratty.co.il\/#website"},"datePublished":"2013-11-20T14:08:36+00:00","dateModified":"2024-12-18T11:36:10+00:00","breadcrumb":{"@id":"https:\/\/ezratty.co.il\/fr\/union-europeenne-restrictions-a-lutilisation-des-intitules-generaux-de-classes-pour-les-marques-communautaires-ctm\/#breadcrumb"},"inLanguage":"fr-FR","potentialAction":[{"@type":"ReadAction","target":["https:\/\/ezratty.co.il\/fr\/union-europeenne-restrictions-a-lutilisation-des-intitules-generaux-de-classes-pour-les-marques-communautaires-ctm\/"]}]},{"@type":"BreadcrumbList","@id":"https:\/\/ezratty.co.il\/fr\/union-europeenne-restrictions-a-lutilisation-des-intitules-generaux-de-classes-pour-les-marques-communautaires-ctm\/#breadcrumb","itemListElement":[{"@type":"ListItem","position":1,"name":"Home","item":"https:\/\/ezratty.co.il\/fr\/"},{"@type":"ListItem","position":2,"name":"Union Europ\u00e9enne : restrictions \u00e0 l\u2019utilisation des intitul\u00e9s g\u00e9n\u00e9raux de classes pour les marques communautaires (CTM)"}]},{"@type":"WebSite","@id":"https:\/\/ezratty.co.il\/#website","url":"https:\/\/ezratty.co.il\/","name":"EZRATTY-FARHI Law Firm","description":"","publisher":{"@id":"https:\/\/ezratty.co.il\/#organization"},"potentialAction":[{"@type":"SearchAction","target":{"@type":"EntryPoint","urlTemplate":"https:\/\/ezratty.co.il\/?s={search_term_string}"},"query-input":{"@type":"PropertyValueSpecification","valueRequired":true,"valueName":"search_term_string"}}],"inLanguage":"fr-FR"},{"@type":"Organization","@id":"https:\/\/ezratty.co.il\/#organization","name":"EZRATTY-FARHI Law Firm","url":"https:\/\/ezratty.co.il\/","logo":{"@type":"ImageObject","inLanguage":"fr-FR","@id":"https:\/\/ezratty.co.il\/#\/schema\/logo\/image\/","url":"https:\/\/ezratty.co.il\/wp-content\/uploads\/2022\/06\/logo.png","contentUrl":"https:\/\/ezratty.co.il\/wp-content\/uploads\/2022\/06\/logo.png","width":256,"height":111,"caption":"EZRATTY-FARHI Law Firm"},"image":{"@id":"https:\/\/ezratty.co.il\/#\/schema\/logo\/image\/"}},{"@type":"Person","@id":"https:\/\/ezratty.co.il\/#\/schema\/person\/309dfac3dd2f134ef47b1d361b66d7be","name":"admin","image":{"@type":"ImageObject","inLanguage":"fr-FR","@id":"https:\/\/ezratty.co.il\/#\/schema\/person\/image\/","url":"https:\/\/secure.gravatar.com\/avatar\/03e2289d332bd580ed89868e48faa745b5be8fc3416ad07c833411a0563359d4?s=96&d=mm&r=g","contentUrl":"https:\/\/secure.gravatar.com\/avatar\/03e2289d332bd580ed89868e48faa745b5be8fc3416ad07c833411a0563359d4?s=96&d=mm&r=g","caption":"admin"},"sameAs":["https:\/\/ezratty.co.il"],"url":"https:\/\/ezratty.co.il\/fr\/author\/adminbrn-co-il\/"}]}},"_links":{"self":[{"href":"https:\/\/ezratty.co.il\/fr\/wp-json\/wp\/v2\/posts\/578","targetHints":{"allow":["GET"]}}],"collection":[{"href":"https:\/\/ezratty.co.il\/fr\/wp-json\/wp\/v2\/posts"}],"about":[{"href":"https:\/\/ezratty.co.il\/fr\/wp-json\/wp\/v2\/types\/post"}],"author":[{"embeddable":true,"href":"https:\/\/ezratty.co.il\/fr\/wp-json\/wp\/v2\/users\/1"}],"replies":[{"embeddable":true,"href":"https:\/\/ezratty.co.il\/fr\/wp-json\/wp\/v2\/comments?post=578"}],"version-history":[{"count":0,"href":"https:\/\/ezratty.co.il\/fr\/wp-json\/wp\/v2\/posts\/578\/revisions"}],"wp:attachment":[{"href":"https:\/\/ezratty.co.il\/fr\/wp-json\/wp\/v2\/media?parent=578"}],"wp:term":[{"taxonomy":"category","embeddable":true,"href":"https:\/\/ezratty.co.il\/fr\/wp-json\/wp\/v2\/categories?post=578"},{"taxonomy":"post_tag","embeddable":true,"href":"https:\/\/ezratty.co.il\/fr\/wp-json\/wp\/v2\/tags?post=578"}],"curies":[{"name":"wp","href":"https:\/\/api.w.org\/{rel}","templated":true}]}}